{"id":1958,"date":"2024-01-02T17:09:54","date_gmt":"2024-01-02T16:09:54","guid":{"rendered":"https:\/\/petales-france.fr\/?p=1958"},"modified":"2024-01-02T17:17:01","modified_gmt":"2024-01-02T16:17:01","slug":"decembre-2023","status":"publish","type":"post","link":"https:\/\/petales-france.fr\/index.php\/2024\/01\/02\/decembre-2023\/","title":{"rendered":"D\u00e9cembre 2023"},"content":{"rendered":"<p>\u00c0 quelques jours des f\u00eates de fin d\u2019ann\u00e9e, ce dernier bulletin de l\u2019ann\u00e9e 2023 rappelle les activit\u00e9s de notre<img loading=\"lazy\" decoding=\"async\" class=\"alignright wp-image-1959 size-thumbnail\" src=\"https:\/\/petales-france.fr\/wp-content\/uploads\/2024\/01\/star-3788230_1280-150x150.jpg\" alt=\"\" width=\"150\" height=\"150\" srcset=\"https:\/\/petales-france.fr\/wp-content\/uploads\/2024\/01\/star-3788230_1280-150x151.jpg 150w, https:\/\/petales-france.fr\/wp-content\/uploads\/2024\/01\/star-3788230_1280-100x101.jpg 100w, https:\/\/petales-france.fr\/wp-content\/uploads\/2024\/01\/star-3788230_1280-450x454.jpg 450w, https:\/\/petales-france.fr\/wp-content\/uploads\/2024\/01\/star-3788230_1280.jpg 708w\" sizes=\"auto, (max-width: 150px) 100vw, 150px\" \/> association et les sujets sur lesquels elle peut \u00eatre un apport utile aux familles\u00a0: les GREP, All\u00f4 Ecoute, Visioconf\u00e9rences, RED, Soutien@, etc&#8230; sans oublier, \u00e0 la demande, les fiches th\u00e9matiques.<\/p>\n<p>Notre association est pr\u00e9sente dans nos vies et elle porte largement son\u00a0 message aupr\u00e8s de nombreux professionnels de l\u2019enfance. Sa parole est aujourd\u2019hui reconnue et \u00e9cout\u00e9e.<!--more--><\/p>\n<p>Tout cela ne se fait pas sans moyens. La cotisation annuelle, les dons, donnent les moyens de l\u2019action. Mais l\u2019action n\u2019est possible qu\u2019avec l\u2019engagement des b\u00e9n\u00e9voles de l\u2019association, engagements divers et vari\u00e9s, majeurs ou plus\u00a0\u00a0 modestes, r\u00e9guliers ou ponctuels. Grand merci donc \u00e0 toutes celles et ceux qui mobilisent leur \u00e9nergie et la mettent \u00e0 disposition de notre bien commun, l\u2019association <b><span style=\"color: #339966;\">PETALES France<\/span>.<\/b><\/p>\n<p>Et puis, au moment des r\u00e9solutions de d\u00e9but d\u2019ann\u00e9e, pourquoi ne pas r\u00e9fl\u00e9chir au p\u00e9rim\u00e8tre de son engagement personnel et \u00e0 celui que nous\u00a0\u00a0 pourrions provoquer autour de nous. Toutes les comp\u00e9tences sont les bienvenues.<\/p>\n<p>Bonne lecture \u00e0 toutes et tous et bonnes f\u00eates de fin d\u2019ann\u00e9e.<\/p>\n<p><b><i>Laurent, papa \u00ab\u00a0p\u00e9tales\u00a0\u00bb<\/i><\/b><\/p>\n<p>Pour recevoir le bulletin, il faut \u00eatre adh\u00e9rents, si vous le souhaitez, vous pouvez t\u00e9l\u00e9charger <span style=\"color: #339966;\"><a style=\"color: #339966;\" href=\"https:\/\/petales-france.fr\/wp-content\/uploads\/2017\/03\/PETALESFrance_BulletinAdhesion.pdf\" target=\"_blank\" rel=\"noopener\"><strong>le bulletin d&rsquo;adh\u00e9sion<\/strong><\/a><\/span>\u00a0et l&rsquo;adresser compl\u00e9t\u00e9 et sign\u00e9 avec votre r\u00e8glement \u00e0 :<br \/>\n<span style=\"color: #339966;\"><strong>PETALES France<\/strong><\/span>\u00a0&#8211; BP 50132 &#8211; 02303 CHAUNY Cedex.<br \/>\nVous pouvez \u00e9galement r\u00e9gler votre cotisation en ligne<span style=\"color: #339966;\">\u00a0<a style=\"color: #339966;\" href=\"https:\/\/petalesfrance.assoconnect.com\/collect\/description\/282102-u-adhesions-2023-cotisation-option-don-et-achat-guide\" target=\"_blank\" rel=\"noopener\"><strong>en cliquant sur ce lien<\/strong><\/a><\/span><\/p>\n<p>&nbsp;<\/p>\n<p>&nbsp;<\/p>\n<p>&nbsp;<\/p>\n","protected":false},"excerpt":{"rendered":"<p>\u00c0 quelques jours des f\u00eates de fin d\u2019ann\u00e9e, ce dernier bulletin de l\u2019ann\u00e9e 2023 rappelle les activit\u00e9s de notre association et les sujets sur lesquels elle peut \u00eatre un apport utile aux familles\u00a0: les GREP, All\u00f4 Ecoute, Visioconf\u00e9rences, RED, Soutien@,<span class=\"ellipsis\">&hellip;<\/span><\/p>\n<div class=\"read-more\"><a href=\"https:\/\/petales-france.fr\/index.php\/2024\/01\/02\/decembre-2023\/\">Lire la suite <span class=\"screen-reader-text\">D\u00e9cembre 2023<\/span><span class=\"meta-nav\"> &#8250;<\/span><\/a><\/div>\n<p><!-- end of .read-more --><\/p>\n","protected":false},"author":6,"featured_media":0,"comment_status":"open","ping_status":"open","sticky":false,"template":"","format":"standard","meta":{"footnotes":""},"categories":[1],"tags":[],"class_list":["post-1958","post","type-post","status-publish","format-standard","hentry","category-non-classe"],"yoast_head":"<!-- This site is optimized with the Yoast SEO plugin v25.6 - https:\/\/yoast.com\/wordpress\/plugins\/seo\/ -->\n<title>D\u00e9cembre 2023 - PETALES france<\/title>\n<meta name=\"robots\" content=\"index, follow, max-snippet:-1, max-image-preview:large, max-video-preview:-1\" \/>\n<link rel=\"canonical\" href=\"https:\/\/petales-france.fr\/index.php\/2024\/01\/02\/decembre-2023\/\" \/>\n<meta property=\"og:locale\" content=\"fr_FR\" \/>\n<meta property=\"og:type\" content=\"article\" \/>\n<meta property=\"og:title\" content=\"D\u00e9cembre 2023 - PETALES france\" \/>\n<meta property=\"og:description\" content=\"\u00c0 quelques jours des f\u00eates de fin d\u2019ann\u00e9e, ce dernier bulletin de l\u2019ann\u00e9e 2023 rappelle les activit\u00e9s de notre association et les sujets sur lesquels elle peut \u00eatre un apport utile aux familles\u00a0: les GREP, All\u00f4 Ecoute, Visioconf\u00e9rences, RED, Soutien@,&hellip;Lire la suite D\u00e9cembre 2023 &#8250;\" \/>\n<meta property=\"og:url\" content=\"https:\/\/petales-france.fr\/index.php\/2024\/01\/02\/decembre-2023\/\" \/>\n<meta property=\"og:site_name\" content=\"PETALES france\" \/>\n<meta property=\"article:published_time\" content=\"2024-01-02T16:09:54+00:00\" \/>\n<meta property=\"article:modified_time\" content=\"2024-01-02T16:17:01+00:00\" \/>\n<meta property=\"og:image\" content=\"http:\/\/petales-france.fr\/wp-content\/uploads\/2024\/01\/star-3788230_1280-150x150.jpg\" \/>\n<meta name=\"author\" content=\"helene\" \/>\n<meta name=\"twitter:card\" content=\"summary_large_image\" \/>\n<meta name=\"twitter:label1\" content=\"\u00c9crit par\" \/>\n\t<meta name=\"twitter:data1\" content=\"helene\" \/>\n\t<meta name=\"twitter:label2\" content=\"Dur\u00e9e de lecture estim\u00e9e\" \/>\n\t<meta name=\"twitter:data2\" content=\"2 minutes\" \/>\n<script type=\"application\/ld+json\" class=\"yoast-schema-graph\">{\"@context\":\"https:\/\/schema.org\",\"@graph\":[{\"@type\":\"WebPage\",\"@id\":\"https:\/\/petales-france.fr\/index.php\/2024\/01\/02\/decembre-2023\/\",\"url\":\"https:\/\/petales-france.fr\/index.php\/2024\/01\/02\/decembre-2023\/\",\"name\":\"D\u00e9cembre 2023 - PETALES france\",\"isPartOf\":{\"@id\":\"https:\/\/petales-france.fr\/#website\"},\"primaryImageOfPage\":{\"@id\":\"https:\/\/petales-france.fr\/index.php\/2024\/01\/02\/decembre-2023\/#primaryimage\"},\"image\":{\"@id\":\"https:\/\/petales-france.fr\/index.php\/2024\/01\/02\/decembre-2023\/#primaryimage\"},\"thumbnailUrl\":\"http:\/\/petales-france.fr\/wp-content\/uploads\/2024\/01\/star-3788230_1280-150x150.jpg\",\"datePublished\":\"2024-01-02T16:09:54+00:00\",\"dateModified\":\"2024-01-02T16:17:01+00:00\",\"author\":{\"@id\":\"https:\/\/petales-france.fr\/#\/schema\/person\/745d24688fd339388b52dbc3856439f6\"},\"breadcrumb\":{\"@id\":\"https:\/\/petales-france.fr\/index.php\/2024\/01\/02\/decembre-2023\/#breadcrumb\"},\"inLanguage\":\"fr-FR\",\"potentialAction\":[{\"@type\":\"ReadAction\",\"target\":[\"https:\/\/petales-france.fr\/index.php\/2024\/01\/02\/decembre-2023\/\"]}]},{\"@type\":\"ImageObject\",\"inLanguage\":\"fr-FR\",\"@id\":\"https:\/\/petales-france.fr\/index.php\/2024\/01\/02\/decembre-2023\/#primaryimage\",\"url\":\"http:\/\/petales-france.fr\/wp-content\/uploads\/2024\/01\/star-3788230_1280-150x150.jpg\",\"contentUrl\":\"http:\/\/petales-france.fr\/wp-content\/uploads\/2024\/01\/star-3788230_1280-150x150.jpg\"},{\"@type\":\"BreadcrumbList\",\"@id\":\"https:\/\/petales-france.fr\/index.php\/2024\/01\/02\/decembre-2023\/#breadcrumb\",\"itemListElement\":[{\"@type\":\"ListItem\",\"position\":1,\"name\":\"Accueil\",\"item\":\"https:\/\/petales-france.fr\/\"},{\"@type\":\"ListItem\",\"position\":2,\"name\":\"D\u00e9cembre 2023\"}]},{\"@type\":\"WebSite\",\"@id\":\"https:\/\/petales-france.fr\/#website\",\"url\":\"https:\/\/petales-france.fr\/\",\"name\":\"PETALES france\",\"description\":\"PETALES france\",\"potentialAction\":[{\"@type\":\"SearchAction\",\"target\":{\"@type\":\"EntryPoint\",\"urlTemplate\":\"https:\/\/petales-france.fr\/?s={search_term_string}\"},\"query-input\":{\"@type\":\"PropertyValueSpecification\",\"valueRequired\":true,\"valueName\":\"search_term_string\"}}],\"inLanguage\":\"fr-FR\"},{\"@type\":\"Person\",\"@id\":\"https:\/\/petales-france.fr\/#\/schema\/person\/745d24688fd339388b52dbc3856439f6\",\"name\":\"helene\",\"image\":{\"@type\":\"ImageObject\",\"inLanguage\":\"fr-FR\",\"@id\":\"https:\/\/petales-france.fr\/#\/schema\/person\/image\/\",\"url\":\"https:\/\/secure.gravatar.com\/avatar\/903132a9af08dfb56ab82efa1d88692976be98a602e9510d8c80ff2907b2da16?s=96&d=mm&r=g\",\"contentUrl\":\"https:\/\/secure.gravatar.com\/avatar\/903132a9af08dfb56ab82efa1d88692976be98a602e9510d8c80ff2907b2da16?s=96&d=mm&r=g\",\"caption\":\"helene\"},\"url\":\"https:\/\/petales-france.fr\/index.php\/author\/helene\/\"}]}<\/script>\n<!-- \/ Yoast SEO plugin. -->","yoast_head_json":{"title":"D\u00e9cembre 2023 - PETALES france","robots":{"index":"index","follow":"follow","max-snippet":"max-snippet:-1","max-image-preview":"max-image-preview:large","max-video-preview":"max-video-preview:-1"},"canonical":"https:\/\/petales-france.fr\/index.php\/2024\/01\/02\/decembre-2023\/","og_locale":"fr_FR","og_type":"article","og_title":"D\u00e9cembre 2023 - PETALES france","og_description":"\u00c0 quelques jours des f\u00eates de fin d\u2019ann\u00e9e, ce dernier bulletin de l\u2019ann\u00e9e 2023 rappelle les activit\u00e9s de notre association et les sujets sur lesquels elle peut \u00eatre un apport utile aux familles\u00a0: les GREP, All\u00f4 Ecoute, Visioconf\u00e9rences, RED, Soutien@,&hellip;Lire la suite D\u00e9cembre 2023 &#8250;","og_url":"https:\/\/petales-france.fr\/index.php\/2024\/01\/02\/decembre-2023\/","og_site_name":"PETALES france","article_published_time":"2024-01-02T16:09:54+00:00","article_modified_time":"2024-01-02T16:17:01+00:00","og_image":[{"url":"http:\/\/petales-france.fr\/wp-content\/uploads\/2024\/01\/star-3788230_1280-150x150.jpg","type":"","width":"","height":""}],"author":"helene","twitter_card":"summary_large_image","twitter_misc":{"\u00c9crit par":"helene","Dur\u00e9e de lecture estim\u00e9e":"2 minutes"},"schema":{"@context":"https:\/\/schema.org","@graph":[{"@type":"WebPage","@id":"https:\/\/petales-france.fr\/index.php\/2024\/01\/02\/decembre-2023\/","url":"https:\/\/petales-france.fr\/index.php\/2024\/01\/02\/decembre-2023\/","name":"D\u00e9cembre 2023 - PETALES france","isPartOf":{"@id":"https:\/\/petales-france.fr\/#website"},"primaryImageOfPage":{"@id":"https:\/\/petales-france.fr\/index.php\/2024\/01\/02\/decembre-2023\/#primaryimage"},"image":{"@id":"https:\/\/petales-france.fr\/index.php\/2024\/01\/02\/decembre-2023\/#primaryimage"},"thumbnailUrl":"http:\/\/petales-france.fr\/wp-content\/uploads\/2024\/01\/star-3788230_1280-150x150.jpg","datePublished":"2024-01-02T16:09:54+00:00","dateModified":"2024-01-02T16:17:01+00:00","author":{"@id":"https:\/\/petales-france.fr\/#\/schema\/person\/745d24688fd339388b52dbc3856439f6"},"breadcrumb":{"@id":"https:\/\/petales-france.fr\/index.php\/2024\/01\/02\/decembre-2023\/#breadcrumb"},"inLanguage":"fr-FR","potentialAction":[{"@type":"ReadAction","target":["https:\/\/petales-france.fr\/index.php\/2024\/01\/02\/decembre-2023\/"]}]},{"@type":"ImageObject","inLanguage":"fr-FR","@id":"https:\/\/petales-france.fr\/index.php\/2024\/01\/02\/decembre-2023\/#primaryimage","url":"http:\/\/petales-france.fr\/wp-content\/uploads\/2024\/01\/star-3788230_1280-150x150.jpg","contentUrl":"http:\/\/petales-france.fr\/wp-content\/uploads\/2024\/01\/star-3788230_1280-150x150.jpg"},{"@type":"BreadcrumbList","@id":"https:\/\/petales-france.fr\/index.php\/2024\/01\/02\/decembre-2023\/#breadcrumb","itemListElement":[{"@type":"ListItem","position":1,"name":"Accueil","item":"https:\/\/petales-france.fr\/"},{"@type":"ListItem","position":2,"name":"D\u00e9cembre 2023"}]},{"@type":"WebSite","@id":"https:\/\/petales-france.fr\/#website","url":"https:\/\/petales-france.fr\/","name":"PETALES france","description":"PETALES france","potentialAction":[{"@type":"SearchAction","target":{"@type":"EntryPoint","urlTemplate":"https:\/\/petales-france.fr\/?s={search_term_string}"},"query-input":{"@type":"PropertyValueSpecification","valueRequired":true,"valueName":"search_term_string"}}],"inLanguage":"fr-FR"},{"@type":"Person","@id":"https:\/\/petales-france.fr\/#\/schema\/person\/745d24688fd339388b52dbc3856439f6","name":"helene","image":{"@type":"ImageObject","inLanguage":"fr-FR","@id":"https:\/\/petales-france.fr\/#\/schema\/person\/image\/","url":"https:\/\/secure.gravatar.com\/avatar\/903132a9af08dfb56ab82efa1d88692976be98a602e9510d8c80ff2907b2da16?s=96&d=mm&r=g","contentUrl":"https:\/\/secure.gravatar.com\/avatar\/903132a9af08dfb56ab82efa1d88692976be98a602e9510d8c80ff2907b2da16?s=96&d=mm&r=g","caption":"helene"},"url":"https:\/\/petales-france.fr\/index.php\/author\/helene\/"}]}},"_links":{"self":[{"href":"https:\/\/petales-france.fr\/index.php\/wp-json\/wp\/v2\/posts\/1958","targetHints":{"allow":["GET"]}}],"collection":[{"href":"https:\/\/petales-france.fr\/index.php\/wp-json\/wp\/v2\/posts"}],"about":[{"href":"https:\/\/petales-france.fr\/index.php\/wp-json\/wp\/v2\/types\/post"}],"author":[{"embeddable":true,"href":"https:\/\/petales-france.fr\/index.php\/wp-json\/wp\/v2\/users\/6"}],"replies":[{"embeddable":true,"href":"https:\/\/petales-france.fr\/index.php\/wp-json\/wp\/v2\/comments?post=1958"}],"version-history":[{"count":3,"href":"https:\/\/petales-france.fr\/index.php\/wp-json\/wp\/v2\/posts\/1958\/revisions"}],"predecessor-version":[{"id":1962,"href":"https:\/\/petales-france.fr\/index.php\/wp-json\/wp\/v2\/posts\/1958\/revisions\/1962"}],"wp:attachment":[{"href":"https:\/\/petales-france.fr\/index.php\/wp-json\/wp\/v2\/media?parent=1958"}],"wp:term":[{"taxonomy":"category","embeddable":true,"href":"https:\/\/petales-france.fr\/index.php\/wp-json\/wp\/v2\/categories?post=1958"},{"taxonomy":"post_tag","embeddable":true,"href":"https:\/\/petales-france.fr\/index.php\/wp-json\/wp\/v2\/tags?post=1958"}],"curies":[{"name":"wp","href":"https:\/\/api.w.org\/{rel}","templated":true}]}}