{"id":1344,"date":"2018-11-19T10:23:38","date_gmt":"2018-11-19T09:23:38","guid":{"rendered":"http:\/\/petales-france.fr\/?p=1344"},"modified":"2018-11-19T10:25:41","modified_gmt":"2018-11-19T09:25:41","slug":"novembre-decembre-2","status":"publish","type":"post","link":"https:\/\/petales-france.fr\/index.php\/2018\/11\/19\/novembre-decembre-2\/","title":{"rendered":"novembre &#8211; d\u00e9cembre"},"content":{"rendered":"<p><img loading=\"lazy\" decoding=\"async\" class=\"alignright wp-image-1347 size-thumbnail\" src=\"https:\/\/petales-france.fr\/wp-content\/uploads\/2018\/11\/floral-design-307132__340-150x150.png\" alt=\"\" width=\"150\" height=\"150\" \/><\/p>\n<p class=\"Standard\" style=\"mso-pagination: widow-orphan; text-align: justify; text-justify: newspaper; text-kashida-space: 50%; margin-left: 7.0866pt; margin-right: 7.0866pt;\"><span lang=\"fr\" style=\"font-size: 10.0pt; font-family: Georgia; mso-default-font-family: Georgia; mso-ascii-font-family: Georgia; mso-latin-font-family: Georgia; mso-greek-font-family: Georgia; mso-cyrillic-font-family: Georgia; mso-latinext-font-family: Georgia; language: fr; mso-ansi-language: fr; mso-ligatures: none;\">Ce num\u00e9ro 79 de votre bulletin, comme les pr\u00e9c\u00e9dents, a pour objectif de partager avec vous des informations, des t\u00e9moignages, des aides susceptibles de vous \u00eatre utiles dans le quotidien qui est le v\u00f4tre, qui est aussi le n\u00f4tre.<\/span><\/p>\n<p class=\"Standard\" style=\"mso-pagination: widow-orphan; text-align: justify; text-justify: newspaper; text-kashida-space: 50%; margin-left: 7.0866pt; margin-right: 7.0866pt;\"><span lang=\"fr\" style=\"font-size: 10.0pt; font-family: Georgia; mso-default-font-family: Georgia; mso-ascii-font-family: Georgia; mso-latin-font-family: Georgia; mso-greek-font-family: Georgia; mso-cyrillic-font-family: Georgia; mso-latinext-font-family: Georgia; language: fr; mso-ansi-language: fr; mso-ligatures: none;\">Bien entendu, le t\u00e9moignage de Jean-Jacques est un moment fort de ce bulletin, par sa sinc\u00e9rit\u00e9, sa spontan\u00e9it\u00e9 et sa grande humanit\u00e9. Merci \u00e0 lui d\u2019exprimer de l\u2019intime avec autant de clairvoyance et de simplicit\u00e9.<\/span><!--more--><\/p>\n<p>&nbsp;<\/p>\n<p class=\"Standard\" style=\"mso-pagination: widow-orphan; text-align: justify; text-justify: newspaper; text-kashida-space: 50%; margin-left: 7.0866pt; margin-right: 7.0866pt;\"><span lang=\"fr\" style=\"font-size: 10.0pt; font-family: Georgia; mso-default-font-family: Georgia; mso-ascii-font-family: Georgia; mso-latin-font-family: Georgia; mso-greek-font-family: Georgia; mso-cyrillic-font-family: Georgia; mso-latinext-font-family: Georgia; language: fr; mso-ansi-language: fr; mso-ligatures: none;\">\u00a0<\/span><span lang=\"fr\" style=\"font-size: 10.0pt; font-family: Georgia; mso-default-font-family: Georgia; mso-ascii-font-family: Georgia; mso-latin-font-family: Georgia; mso-greek-font-family: Georgia; mso-cyrillic-font-family: Georgia; mso-latinext-font-family: Georgia; language: fr; mso-ansi-language: fr; mso-ligatures: none;\">Pour m\u00e9moire, il vous est rappel\u00e9 que dans le cadre du soutien \u00e0 la parentalit\u00e9, votre association est un soutien, voire un conseil lorsqu\u2019il s\u2019agit de r\u00e9pondre \u00e0 des situations du quotidien difficiles \u00e0 g\u00e9rer. Ceci est le fruit d\u2019une exp\u00e9rience, d\u2019acquis, de retours d\u2019exp\u00e9rience et bien entendu de t\u00e9moignages mis au service de tous. \u00c0 cet \u00e9gard, est-il utile de rappeler que notre association ne fonctionne que par la participation de tous, mais aussi gr\u00e2ce \u00e0 l\u2019engagement de b\u00e9n\u00e9voles dont certains, au terme d\u2019un long accompagnement de l\u2019association, souhaitent \u00ab\u00a0passer la main\u00a0\u00bb. Toute bonne volont\u00e9 est la bienvenue, toute comp\u00e9tence est utile.<\/span><\/p>\n<p class=\"Standard\" style=\"mso-pagination: widow-orphan; text-align: justify; text-justify: newspaper; text-kashida-space: 50%; margin-left: 7.0866pt; margin-right: 7.0866pt;\"><span lang=\"fr\" style=\"font-size: 10.0pt; font-family: Georgia; mso-default-font-family: Georgia; mso-ascii-font-family: Georgia; mso-latin-font-family: Georgia; mso-greek-font-family: Georgia; mso-cyrillic-font-family: Georgia; mso-latinext-font-family: Georgia; language: fr; mso-ansi-language: fr; mso-ligatures: none;\">Bonne lecture \u00e0 vous !<\/span><\/p>\n<p style=\"text-align: right;\">Laurent, papa \u00ab\u00a0p\u00e9tales\u00a0\u00bb<\/p>\n","protected":false},"excerpt":{"rendered":"<p>Ce num\u00e9ro 79 de votre bulletin, comme les pr\u00e9c\u00e9dents, a pour objectif de partager avec vous des informations, des t\u00e9moignages, des aides susceptibles de vous \u00eatre utiles dans le quotidien qui est le v\u00f4tre, qui est aussi le n\u00f4tre. Bien<span class=\"ellipsis\">&hellip;<\/span><\/p>\n<div class=\"read-more\"><a href=\"https:\/\/petales-france.fr\/index.php\/2018\/11\/19\/novembre-decembre-2\/\">Lire la suite <span class=\"screen-reader-text\">novembre &#8211; d\u00e9cembre<\/span><span class=\"meta-nav\"> &#8250;<\/span><\/a><\/div>\n<p><!-- end of .read-more --><\/p>\n","protected":false},"author":6,"featured_media":0,"comment_status":"open","ping_status":"open","sticky":false,"template":"","format":"standard","meta":{"footnotes":""},"categories":[1],"tags":[],"class_list":["post-1344","post","type-post","status-publish","format-standard","hentry","category-non-classe"],"yoast_head":"<!-- This site is optimized with the Yoast SEO plugin v25.6 - https:\/\/yoast.com\/wordpress\/plugins\/seo\/ -->\n<title>novembre - d\u00e9cembre - PETALES france<\/title>\n<meta name=\"robots\" content=\"index, follow, max-snippet:-1, max-image-preview:large, max-video-preview:-1\" \/>\n<link rel=\"canonical\" href=\"https:\/\/petales-france.fr\/index.php\/2018\/11\/19\/novembre-decembre-2\/\" \/>\n<meta property=\"og:locale\" content=\"fr_FR\" \/>\n<meta property=\"og:type\" content=\"article\" \/>\n<meta property=\"og:title\" content=\"novembre - d\u00e9cembre - PETALES france\" \/>\n<meta property=\"og:description\" content=\"Ce num\u00e9ro 79 de votre bulletin, comme les pr\u00e9c\u00e9dents, a pour objectif de partager avec vous des informations, des t\u00e9moignages, des aides susceptibles de vous \u00eatre utiles dans le quotidien qui est le v\u00f4tre, qui est aussi le n\u00f4tre. Bien&hellip;Lire la suite novembre &#8211; d\u00e9cembre &#8250;\" \/>\n<meta property=\"og:url\" content=\"https:\/\/petales-france.fr\/index.php\/2018\/11\/19\/novembre-decembre-2\/\" \/>\n<meta property=\"og:site_name\" content=\"PETALES france\" \/>\n<meta property=\"article:published_time\" content=\"2018-11-19T09:23:38+00:00\" \/>\n<meta property=\"article:modified_time\" content=\"2018-11-19T09:25:41+00:00\" \/>\n<meta property=\"og:image\" content=\"http:\/\/petales-france.fr\/wp-content\/uploads\/2018\/11\/floral-design-307132__340-150x150.png\" \/>\n<meta name=\"author\" content=\"helene\" \/>\n<meta name=\"twitter:card\" content=\"summary_large_image\" \/>\n<meta name=\"twitter:label1\" content=\"\u00c9crit par\" \/>\n\t<meta name=\"twitter:data1\" content=\"helene\" \/>\n\t<meta name=\"twitter:label2\" content=\"Dur\u00e9e de lecture estim\u00e9e\" \/>\n\t<meta name=\"twitter:data2\" content=\"1 minute\" \/>\n<script type=\"application\/ld+json\" class=\"yoast-schema-graph\">{\"@context\":\"https:\/\/schema.org\",\"@graph\":[{\"@type\":\"WebPage\",\"@id\":\"https:\/\/petales-france.fr\/index.php\/2018\/11\/19\/novembre-decembre-2\/\",\"url\":\"https:\/\/petales-france.fr\/index.php\/2018\/11\/19\/novembre-decembre-2\/\",\"name\":\"novembre - d\u00e9cembre - PETALES france\",\"isPartOf\":{\"@id\":\"https:\/\/petales-france.fr\/#website\"},\"primaryImageOfPage\":{\"@id\":\"https:\/\/petales-france.fr\/index.php\/2018\/11\/19\/novembre-decembre-2\/#primaryimage\"},\"image\":{\"@id\":\"https:\/\/petales-france.fr\/index.php\/2018\/11\/19\/novembre-decembre-2\/#primaryimage\"},\"thumbnailUrl\":\"http:\/\/petales-france.fr\/wp-content\/uploads\/2018\/11\/floral-design-307132__340-150x150.png\",\"datePublished\":\"2018-11-19T09:23:38+00:00\",\"dateModified\":\"2018-11-19T09:25:41+00:00\",\"author\":{\"@id\":\"https:\/\/petales-france.fr\/#\/schema\/person\/745d24688fd339388b52dbc3856439f6\"},\"breadcrumb\":{\"@id\":\"https:\/\/petales-france.fr\/index.php\/2018\/11\/19\/novembre-decembre-2\/#breadcrumb\"},\"inLanguage\":\"fr-FR\",\"potentialAction\":[{\"@type\":\"ReadAction\",\"target\":[\"https:\/\/petales-france.fr\/index.php\/2018\/11\/19\/novembre-decembre-2\/\"]}]},{\"@type\":\"ImageObject\",\"inLanguage\":\"fr-FR\",\"@id\":\"https:\/\/petales-france.fr\/index.php\/2018\/11\/19\/novembre-decembre-2\/#primaryimage\",\"url\":\"http:\/\/petales-france.fr\/wp-content\/uploads\/2018\/11\/floral-design-307132__340-150x150.png\",\"contentUrl\":\"http:\/\/petales-france.fr\/wp-content\/uploads\/2018\/11\/floral-design-307132__340-150x150.png\"},{\"@type\":\"BreadcrumbList\",\"@id\":\"https:\/\/petales-france.fr\/index.php\/2018\/11\/19\/novembre-decembre-2\/#breadcrumb\",\"itemListElement\":[{\"@type\":\"ListItem\",\"position\":1,\"name\":\"Accueil\",\"item\":\"https:\/\/petales-france.fr\/\"},{\"@type\":\"ListItem\",\"position\":2,\"name\":\"novembre &#8211; d\u00e9cembre\"}]},{\"@type\":\"WebSite\",\"@id\":\"https:\/\/petales-france.fr\/#website\",\"url\":\"https:\/\/petales-france.fr\/\",\"name\":\"PETALES france\",\"description\":\"PETALES france\",\"potentialAction\":[{\"@type\":\"SearchAction\",\"target\":{\"@type\":\"EntryPoint\",\"urlTemplate\":\"https:\/\/petales-france.fr\/?s={search_term_string}\"},\"query-input\":{\"@type\":\"PropertyValueSpecification\",\"valueRequired\":true,\"valueName\":\"search_term_string\"}}],\"inLanguage\":\"fr-FR\"},{\"@type\":\"Person\",\"@id\":\"https:\/\/petales-france.fr\/#\/schema\/person\/745d24688fd339388b52dbc3856439f6\",\"name\":\"helene\",\"image\":{\"@type\":\"ImageObject\",\"inLanguage\":\"fr-FR\",\"@id\":\"https:\/\/petales-france.fr\/#\/schema\/person\/image\/\",\"url\":\"https:\/\/secure.gravatar.com\/avatar\/903132a9af08dfb56ab82efa1d88692976be98a602e9510d8c80ff2907b2da16?s=96&d=mm&r=g\",\"contentUrl\":\"https:\/\/secure.gravatar.com\/avatar\/903132a9af08dfb56ab82efa1d88692976be98a602e9510d8c80ff2907b2da16?s=96&d=mm&r=g\",\"caption\":\"helene\"},\"url\":\"https:\/\/petales-france.fr\/index.php\/author\/helene\/\"}]}<\/script>\n<!-- \/ Yoast SEO plugin. -->","yoast_head_json":{"title":"novembre - d\u00e9cembre - PETALES france","robots":{"index":"index","follow":"follow","max-snippet":"max-snippet:-1","max-image-preview":"max-image-preview:large","max-video-preview":"max-video-preview:-1"},"canonical":"https:\/\/petales-france.fr\/index.php\/2018\/11\/19\/novembre-decembre-2\/","og_locale":"fr_FR","og_type":"article","og_title":"novembre - d\u00e9cembre - PETALES france","og_description":"Ce num\u00e9ro 79 de votre bulletin, comme les pr\u00e9c\u00e9dents, a pour objectif de partager avec vous des informations, des t\u00e9moignages, des aides susceptibles de vous \u00eatre utiles dans le quotidien qui est le v\u00f4tre, qui est aussi le n\u00f4tre. Bien&hellip;Lire la suite novembre &#8211; d\u00e9cembre &#8250;","og_url":"https:\/\/petales-france.fr\/index.php\/2018\/11\/19\/novembre-decembre-2\/","og_site_name":"PETALES france","article_published_time":"2018-11-19T09:23:38+00:00","article_modified_time":"2018-11-19T09:25:41+00:00","og_image":[{"url":"http:\/\/petales-france.fr\/wp-content\/uploads\/2018\/11\/floral-design-307132__340-150x150.png","type":"","width":"","height":""}],"author":"helene","twitter_card":"summary_large_image","twitter_misc":{"\u00c9crit par":"helene","Dur\u00e9e de lecture estim\u00e9e":"1 minute"},"schema":{"@context":"https:\/\/schema.org","@graph":[{"@type":"WebPage","@id":"https:\/\/petales-france.fr\/index.php\/2018\/11\/19\/novembre-decembre-2\/","url":"https:\/\/petales-france.fr\/index.php\/2018\/11\/19\/novembre-decembre-2\/","name":"novembre - d\u00e9cembre - PETALES france","isPartOf":{"@id":"https:\/\/petales-france.fr\/#website"},"primaryImageOfPage":{"@id":"https:\/\/petales-france.fr\/index.php\/2018\/11\/19\/novembre-decembre-2\/#primaryimage"},"image":{"@id":"https:\/\/petales-france.fr\/index.php\/2018\/11\/19\/novembre-decembre-2\/#primaryimage"},"thumbnailUrl":"http:\/\/petales-france.fr\/wp-content\/uploads\/2018\/11\/floral-design-307132__340-150x150.png","datePublished":"2018-11-19T09:23:38+00:00","dateModified":"2018-11-19T09:25:41+00:00","author":{"@id":"https:\/\/petales-france.fr\/#\/schema\/person\/745d24688fd339388b52dbc3856439f6"},"breadcrumb":{"@id":"https:\/\/petales-france.fr\/index.php\/2018\/11\/19\/novembre-decembre-2\/#breadcrumb"},"inLanguage":"fr-FR","potentialAction":[{"@type":"ReadAction","target":["https:\/\/petales-france.fr\/index.php\/2018\/11\/19\/novembre-decembre-2\/"]}]},{"@type":"ImageObject","inLanguage":"fr-FR","@id":"https:\/\/petales-france.fr\/index.php\/2018\/11\/19\/novembre-decembre-2\/#primaryimage","url":"http:\/\/petales-france.fr\/wp-content\/uploads\/2018\/11\/floral-design-307132__340-150x150.png","contentUrl":"http:\/\/petales-france.fr\/wp-content\/uploads\/2018\/11\/floral-design-307132__340-150x150.png"},{"@type":"BreadcrumbList","@id":"https:\/\/petales-france.fr\/index.php\/2018\/11\/19\/novembre-decembre-2\/#breadcrumb","itemListElement":[{"@type":"ListItem","position":1,"name":"Accueil","item":"https:\/\/petales-france.fr\/"},{"@type":"ListItem","position":2,"name":"novembre &#8211; d\u00e9cembre"}]},{"@type":"WebSite","@id":"https:\/\/petales-france.fr\/#website","url":"https:\/\/petales-france.fr\/","name":"PETALES france","description":"PETALES france","potentialAction":[{"@type":"SearchAction","target":{"@type":"EntryPoint","urlTemplate":"https:\/\/petales-france.fr\/?s={search_term_string}"},"query-input":{"@type":"PropertyValueSpecification","valueRequired":true,"valueName":"search_term_string"}}],"inLanguage":"fr-FR"},{"@type":"Person","@id":"https:\/\/petales-france.fr\/#\/schema\/person\/745d24688fd339388b52dbc3856439f6","name":"helene","image":{"@type":"ImageObject","inLanguage":"fr-FR","@id":"https:\/\/petales-france.fr\/#\/schema\/person\/image\/","url":"https:\/\/secure.gravatar.com\/avatar\/903132a9af08dfb56ab82efa1d88692976be98a602e9510d8c80ff2907b2da16?s=96&d=mm&r=g","contentUrl":"https:\/\/secure.gravatar.com\/avatar\/903132a9af08dfb56ab82efa1d88692976be98a602e9510d8c80ff2907b2da16?s=96&d=mm&r=g","caption":"helene"},"url":"https:\/\/petales-france.fr\/index.php\/author\/helene\/"}]}},"_links":{"self":[{"href":"https:\/\/petales-france.fr\/index.php\/wp-json\/wp\/v2\/posts\/1344","targetHints":{"allow":["GET"]}}],"collection":[{"href":"https:\/\/petales-france.fr\/index.php\/wp-json\/wp\/v2\/posts"}],"about":[{"href":"https:\/\/petales-france.fr\/index.php\/wp-json\/wp\/v2\/types\/post"}],"author":[{"embeddable":true,"href":"https:\/\/petales-france.fr\/index.php\/wp-json\/wp\/v2\/users\/6"}],"replies":[{"embeddable":true,"href":"https:\/\/petales-france.fr\/index.php\/wp-json\/wp\/v2\/comments?post=1344"}],"version-history":[{"count":2,"href":"https:\/\/petales-france.fr\/index.php\/wp-json\/wp\/v2\/posts\/1344\/revisions"}],"predecessor-version":[{"id":1349,"href":"https:\/\/petales-france.fr\/index.php\/wp-json\/wp\/v2\/posts\/1344\/revisions\/1349"}],"wp:attachment":[{"href":"https:\/\/petales-france.fr\/index.php\/wp-json\/wp\/v2\/media?parent=1344"}],"wp:term":[{"taxonomy":"category","embeddable":true,"href":"https:\/\/petales-france.fr\/index.php\/wp-json\/wp\/v2\/categories?post=1344"},{"taxonomy":"post_tag","embeddable":true,"href":"https:\/\/petales-france.fr\/index.php\/wp-json\/wp\/v2\/tags?post=1344"}],"curies":[{"name":"wp","href":"https:\/\/api.w.org\/{rel}","templated":true}]}}